{"id":5175,"date":"2024-12-18T14:30:21","date_gmt":"2024-12-18T13:30:21","guid":{"rendered":"https:\/\/proprietairesmag.ch\/?p=5175"},"modified":"2024-12-19T08:04:50","modified_gmt":"2024-12-19T07:04:50","slug":"salon-bois-6-au-8-fevrier-2025","status":"publish","type":"post","link":"https:\/\/proprietairesmag.ch\/en\/salon-bois-6-au-8-fevrier-2025\/","title":{"rendered":"Salon Bois: February 6 to 8, 2025"},"content":{"rendered":"\n<p style=\"padding-top:var(--wp--preset--spacing--20)\" class=\"\"><strong>The 17th edition of SALONBOIS opens its doors at Espace Gruy\u00e8re in Bulle from February 6 to 8, 2025<\/strong>. With nearly 90 exhibitors, the event serves as a true showcase for the wood industry, highlighting major trends in the sector. A rich program featuring information, advice, conferences, discoveries, and events is offered to professionals, property owners, and individuals alike.The 2025 edition will honor forestry environments with the participation of the Lyss Forestry Training Center as the guest of the exhibition. On Saturday, February 8, the focus on forests continues with a series of conferences titled \u201cA Place for Hospitality, Biodiversity, and Functions: Spotlight on the Forest.\u201d<\/p>\n\n\n\n<p class=\"\"><strong><br><br>Notably, on Friday, February 7, the exhibition will host an evening event, remaining open to visitors until 9 PM. For over 20 years, SALONBOIS has established itself as the leading platform for the wood industry in French-speaking Switzerland.<\/strong><\/p>\n\n\n\n<p class=\"\">SALONBOIS opens its doors at Espace Gruy\u00e8re in Bulle\/FR, hosting nearly 90 exhibitors showcasing current solutions for players in the wood industry. The exhibition&#8217;s audience includes wood construction professionals as well as property owners and individuals looking to build, transform, or renovate their homes. Carpenters and joiners are present to offer advice on wooden houses. Meanwhile, sawmills and wood traders display their range of products over the three days. Energy sector players are also well represented, presenting new wood boilers and fuel options (pellets, wood chips). Finally, manufacturers and sellers of woodworking machines, tools, hardware, and management software (CAD, ERP) introduce their latest innovations and services to all professionals in the Swiss wood industry. Coming from all over the country and abroad, the exhibitors look forward to this biennial event in Bulle, where the welcoming atmosphere and unique spirit of the venue create ideal conditions for business opportunities.<br><br><strong>Conferences \u2014 four conferences will be held as part of the exhibition.<br><br><\/strong><\/p>\n\n\n\n<div class=\"wp-block-buttons is-layout-flex wp-block-buttons-is-layout-flex\">\n<div class=\"wp-block-button  \"><a class=\"wp-block-button__link wp-element-button\" href=\"https:\/\/www.salonbois.ch\/visiteurs\/infos-pratiques\">See the full program<\/a><\/div>\n<\/div>\n\n\n\n<h2 class=\"wp-block-heading  \" style=\"padding-top:var(--wp--preset--spacing--50)\"><strong>Thursday, February 6: Carpenters and cabinetmakers, how can we respond to the new challenges faced in our professions?<br><\/strong><\/h2>\n\n\n\n<p style=\"padding-bottom:var(--wp--preset--spacing--20)\" class=\"\">The Association Romande des Cadres \u00c9b\u00e9nistes-Menuisiers (CEM), with the operational support of Espace Gruy\u00e8re, is co-organizing a seminar on the changes affecting the professions of carpenters and cabinetmakers. Working with wood in today\u2019s society involves a constant balance between tradition and innovation. Carpenters and cabinetmakers rely daily on ancestral know-how and modern technical means. While remaining rooted in its traditional values, this profession is transforming and evolving rapidly, much like society as a whole. By giving the floor to specialists, entrepreneurs, legal experts, and representatives from various backgrounds, the 12th seminar will provide practical solutions for companies in the wood sector.<br><br><\/p>\n\n\n\n<figure class=\"wp-block-image size-large  \"><img loading=\"lazy\" decoding=\"async\" width=\"1024\" height=\"262\" src=\"https:\/\/proprietairesmag.ch\/wp-content\/uploads\/2024\/12\/proprietaires-mag-article-salon-bois-image-01@3x-1-1024x262.jpg\" alt=\"Proprietaires Mag Article Salon Bois Image 01\" class=\"wp-image-5105\" srcset=\"https:\/\/proprietairesmag.ch\/wp-content\/uploads\/2024\/12\/proprietaires-mag-article-salon-bois-image-01@3x-1-1024x262.jpg 1024w, https:\/\/proprietairesmag.ch\/wp-content\/uploads\/2024\/12\/proprietaires-mag-article-salon-bois-image-01@3x-1-300x77.jpg 300w, https:\/\/proprietairesmag.ch\/wp-content\/uploads\/2024\/12\/proprietaires-mag-article-salon-bois-image-01@3x-1-768x197.jpg 768w, https:\/\/proprietairesmag.ch\/wp-content\/uploads\/2024\/12\/proprietaires-mag-article-salon-bois-image-01@3x-1-1536x393.jpg 1536w, https:\/\/proprietairesmag.ch\/wp-content\/uploads\/2024\/12\/proprietaires-mag-article-salon-bois-image-01@3x-1-2048x524.jpg 2048w\" sizes=\"(max-width: 1024px) 100vw, 1024px\" \/><\/figure>\n\n\n\n<h2 class=\"wp-block-heading  \" style=\"padding-top:var(--wp--preset--spacing--50)\"><strong>Friday, February 7: Wooden bridges and walkways, Swiss examples.<br><\/strong><\/h2>\n\n\n\n<p class=\"\">The organizing committee is hosting a conference dedicated to wooden bridges and walkways, with examples built in Swiss cities and municipalities. The aim of the forum is to raise public awareness about the use of wood, particularly local wood. The selected examples all reflect this approach. Wood has always been the preferred material for constructing bridges and walkways, with many structures, some centuries old, serving as valuable witnesses to this tradition.<br><br>The seminars on Thursday and Friday require registration, and the link to the program and registration is available at <a href=\"http:\/\/www.salonbois.ch\"><strong>www.salonbois.ch<\/strong><\/a>.<\/p>\n\n\n\n<figure class=\"wp-block-image size-large  \"><img loading=\"lazy\" decoding=\"async\" width=\"1024\" height=\"262\" src=\"https:\/\/proprietairesmag.ch\/wp-content\/uploads\/2024\/12\/proprietaires-mag-article-salon-bois-image-02@3x-1024x262.jpg\" alt=\"Proprietaires Mag Article Salon Bois Image 02\" class=\"wp-image-5088\" srcset=\"https:\/\/proprietairesmag.ch\/wp-content\/uploads\/2024\/12\/proprietaires-mag-article-salon-bois-image-02@3x-1024x262.jpg 1024w, https:\/\/proprietairesmag.ch\/wp-content\/uploads\/2024\/12\/proprietaires-mag-article-salon-bois-image-02@3x-300x77.jpg 300w, https:\/\/proprietairesmag.ch\/wp-content\/uploads\/2024\/12\/proprietaires-mag-article-salon-bois-image-02@3x-768x197.jpg 768w, https:\/\/proprietairesmag.ch\/wp-content\/uploads\/2024\/12\/proprietaires-mag-article-salon-bois-image-02@3x-1536x393.jpg 1536w, https:\/\/proprietairesmag.ch\/wp-content\/uploads\/2024\/12\/proprietaires-mag-article-salon-bois-image-02@3x-2048x524.jpg 2048w\" sizes=\"(max-width: 1024px) 100vw, 1024px\" \/><\/figure>\n\n\n\n<h2 class=\"wp-block-heading  \" style=\"padding-top:var(--wp--preset--spacing--50)\"><strong>Saturday, February 8: Renovation and forestry in the spotlight.<br><\/strong><\/h2>\n\n\n\n<p class=\"\">On Saturday, February 8, the presentations are aimed at a broader audience, with the first series of conferences focused on home renovation. Valuable advice will be provided to property owners and anyone undertaking renovation work who wishes to choose wood. The second series, open to adults and young people, links the public with forest management. The local population is deeply attached to the forest, and the increasing visitation confirms this. At the heart of managers&#8217; concerns is finding the right balance between the forest&#8217;s public reception functions and the preservation of our natural heritage. Forestry specialists will lead this conference, which is open to all.<br><\/p>\n\n\n\n<p class=\"\">With an adult or reduced-price entry ticket, visitors can attend all the conferences on Saturday.<br><\/p>\n\n\n\n<div class=\"wp-block-buttons is-layout-flex wp-block-buttons-is-layout-flex\">\n<div class=\"wp-block-button  \"><a class=\"wp-block-button__link wp-element-button\" href=\"https:\/\/tickets.salonbois.ch\/shop\/fr\/505\">Ticketing link<\/a><\/div>\n<\/div>\n\n\n\n<h3 class=\"wp-block-heading  \" style=\"padding-top:var(--wp--preset--spacing--30)\"><br><br>Guest of honor<\/h3>\n\n\n\n<p class=\"\">The Lyss Forestry Training Center is the guest of honor at SALONBOIS 2025. Its main task is the training of forestry wardens at the higher education level. It is also involved in continuing education for the forestry sector and the training of rangers.<\/p>\n\n\n\n<p class=\"\"><strong>On an area of 26m\u00b2, the institution will present its activities to visitors.<\/strong><\/p>\n\n\n\n<div class=\"wp-block-buttons is-layout-flex wp-block-buttons-is-layout-flex\">\n<div class=\"wp-block-button  \"><a class=\"wp-block-button__link wp-element-button\" href=\"https:\/\/www.salonbois.ch\/visiteurs\/infos-pratiques\">Learn more<\/a><\/div>\n<\/div>\n\n\n\n<h3 class=\"wp-block-heading  \" style=\"padding-top:var(--wp--preset--spacing--50)\">Activities for families<\/h3>\n\n\n\n<p class=\"\">Since its inception, SALONBOIS has welcomed young audiences in a space dedicated to the wood industry. On Saturday, February 8, children from 7 years old will have the opportunity to make wooden mini-solar ovens. Three sessions are available throughout the day, with facilitators able to welcome 8 children per workshop. Registration on-site, free for children.<\/p>\n\n\n\n<p class=\"\"><strong>On an area of 26m\u00b2, the institution will present its activities to visitors.<\/strong><\/p>\n\n\n\n<div class=\"wp-block-buttons is-layout-flex wp-block-buttons-is-layout-flex\">\n<div class=\"wp-block-button  \"><a class=\"wp-block-button__link wp-element-button\" href=\"https:\/\/www.salonbois.ch\/visiteurs\/cycles-de-conferences\">See the workshop schedule<\/a><\/div>\n<\/div>\n\n\n            <div class=\"wp-block-habefast-advanced-layout\">\r\n                <div class=\"wp-block-habefast-advanced-layout-container is-layout-constrained\"  style='--_hfal-l-d-lg:block;--_hfal-l-p-t-lg:var(--wp--preset--spacing--30);--_hfal-l-d-xl:block;--_hfal-l-d-md:block;--_hfal-l-d-sm:block;--_hfal-l-p-t-xl:var(--wp--preset--spacing--30);--_hfal-l-p-t-md:var(--wp--preset--spacing--30);--_hfal-l-p-t-sm:var(--wp--preset--spacing--30);'>\r\n                    \n            <div style=\"--_hfal-cs-w-lg:wrap;--_hfal-cs-cw-lg:50%;--_hfal-cs-g-h-lg:var(--wp--preset--spacing--30);--_hfal-cs-p-l-lg:0;--_hfal-cs-w-xl:wrap;--_hfal-cs-w-md:wrap;--_hfal-cs-w-sm:wrap;--_hfal-cs-cw-xl:50%;--_hfal-cs-cw-md:50%;--_hfal-cs-cw-sm:50%;--_hfal-cs-g-h-xl:var(--wp--preset--spacing--30);--_hfal-cs-g-h-md:var(--wp--preset--spacing--30);--_hfal-cs-g-h-sm:var(--wp--preset--spacing--30);--_hfal-cs-p-l-xl:0;--_hfal-cs-p-l-md:0;--_hfal-cs-p-l-sm:0;\" class=\" has-gap wp-block-habefast-advanced-layout-cols\">\r\n                <div class=\"wp-block-habefast-advanced-layout-cols-flex\"> \n            <div style=\"--_hfal-c-d-lg:flex;--_hfal-c-w-lg:50%;--_hfal-c-w-sm:100%;--_hfal-c-p-l-lg:0;--_hfal-c-d-xl:flex;--_hfal-c-d-md:flex;--_hfal-c-d-sm:flex;--_hfal-c-w-xl:50%;--_hfal-c-w-md:50%;--_hfal-c-p-l-xl:0;--_hfal-c-p-l-md:0;--_hfal-c-p-l-sm:0;\" class=\"wp-block-habefast-advanced-layout-col\">\r\n                <div class=\"wp-block-habefast-advanced-layout-col-container is-layout-flow\">\r\n                    \n\n<figure class=\"wp-block-image size-large  \"><img loading=\"lazy\" decoding=\"async\" width=\"1024\" height=\"586\" src=\"https:\/\/proprietairesmag.ch\/wp-content\/uploads\/2024\/12\/proprietaires-mag-article-salon-bois-image-03@3x-1024x586.jpg\" alt=\"Proprietaires Mag Article Salon Bois Image 03\" class=\"wp-image-5084\" srcset=\"https:\/\/proprietairesmag.ch\/wp-content\/uploads\/2024\/12\/proprietaires-mag-article-salon-bois-image-03@3x-1024x586.jpg 1024w, https:\/\/proprietairesmag.ch\/wp-content\/uploads\/2024\/12\/proprietaires-mag-article-salon-bois-image-03@3x-300x172.jpg 300w, https:\/\/proprietairesmag.ch\/wp-content\/uploads\/2024\/12\/proprietaires-mag-article-salon-bois-image-03@3x-768x440.jpg 768w, https:\/\/proprietairesmag.ch\/wp-content\/uploads\/2024\/12\/proprietaires-mag-article-salon-bois-image-03@3x.jpg 1425w\" sizes=\"(max-width: 1024px) 100vw, 1024px\" \/><\/figure>\n\n                <\/div>\r\n            <\/div>\r\n            \n\n            <div style=\"--_hfal-c-d-lg:flex;--_hfal-c-w-lg:50%;--_hfal-c-w-sm:100%;--_hfal-c-d-xl:flex;--_hfal-c-d-md:flex;--_hfal-c-d-sm:flex;--_hfal-c-w-xl:50%;--_hfal-c-w-md:50%;\" class=\"wp-block-habefast-advanced-layout-col\">\r\n                <div class=\"wp-block-habefast-advanced-layout-col-container is-layout-flow\">\r\n                    \n\n<figure class=\"wp-block-image size-large  \"><img loading=\"lazy\" decoding=\"async\" width=\"1024\" height=\"586\" src=\"https:\/\/proprietairesmag.ch\/wp-content\/uploads\/2024\/12\/proprietaires-mag-article-salon-bois-image-04@3x-1024x586.jpg\" alt=\"Proprietaires Mag Article Salon Bois Image 04\" class=\"wp-image-5086\" srcset=\"https:\/\/proprietairesmag.ch\/wp-content\/uploads\/2024\/12\/proprietaires-mag-article-salon-bois-image-04@3x-1024x586.jpg 1024w, https:\/\/proprietairesmag.ch\/wp-content\/uploads\/2024\/12\/proprietaires-mag-article-salon-bois-image-04@3x-300x172.jpg 300w, https:\/\/proprietairesmag.ch\/wp-content\/uploads\/2024\/12\/proprietaires-mag-article-salon-bois-image-04@3x-768x440.jpg 768w, https:\/\/proprietairesmag.ch\/wp-content\/uploads\/2024\/12\/proprietaires-mag-article-salon-bois-image-04@3x.jpg 1425w\" sizes=\"(max-width: 1024px) 100vw, 1024px\" \/><\/figure>\n\n                <\/div>\r\n            <\/div>\r\n            \n                <\/div>\r\n            <\/div>\r\n            \n                <\/div>\r\n            <\/div>\r\n            \n\n\n<h3 class=\"wp-block-heading  \" style=\"padding-top:var(--wp--preset--spacing--30)\">Label &#8220;Carbon Fri&#8221;<\/h3>\n\n\n\n<p class=\"\">In its 2019 edition, the exhibition obtained the &#8220;Carbon Fri&#8221; label by measuring and reducing its carbon footprint. For the 2025 edition, SALONBOIS continues its efforts and aims once again to achieve this label. The goal is to support interesting local projects, even if their CO2 reductions are difficult to quantify. Exhibitors also contribute to this initiative and receive a certificate as partners of the label. This year, 19 of them participated in the survey. A big thank you to them for their commitment to the climate.<\/p>\n\n\n\n<p style=\"padding-bottom:var(--wp--preset--spacing--30)\" class=\"\"><strong>Organizers and exhibitors are looking forward to welcoming the many visitors expected at the 17th edition of SALONBOIS.<\/strong><\/p>\n\n\n            <div class=\"information_salon wp-block-habefast-advanced-layout\">\r\n                <div class=\"wp-block-habefast-advanced-layout-container is-layout-constrained\"  style='--_hfal-l-d-lg:block;--_hfal-l-bc-lg:#f2f2f2;--_hfal-l-p-r-lg:0;--_hfal-l-d-xl:block;--_hfal-l-d-md:block;--_hfal-l-d-sm:block;--_hfal-l-bc-xl:#f2f2f2;--_hfal-l-bc-md:#f2f2f2;--_hfal-l-bc-sm:#f2f2f2;--_hfal-l-p-r-xl:0;--_hfal-l-p-r-md:0;--_hfal-l-p-r-sm:0;'>\r\n                    \n            <div style=\"--_hfal-cs-w-lg:wrap;--_hfal-cs-cw-lg:50%;--_hfal-cs-va-lg:center;--_hfal-cs-bc-lg:#f2f2f2;--_hfal-cs-g-h-lg:0;--_hfal-cs-p-r-lg:0;--_hfal-cs-w-xl:wrap;--_hfal-cs-w-md:wrap;--_hfal-cs-w-sm:wrap;--_hfal-cs-cw-xl:50%;--_hfal-cs-cw-md:50%;--_hfal-cs-cw-sm:50%;--_hfal-cs-va-xl:center;--_hfal-cs-va-md:center;--_hfal-cs-va-sm:center;--_hfal-cs-bc-xl:#f2f2f2;--_hfal-cs-bc-md:#f2f2f2;--_hfal-cs-bc-sm:#f2f2f2;--_hfal-cs-g-h-xl:0;--_hfal-cs-g-h-md:0;--_hfal-cs-g-h-sm:0;--_hfal-cs-p-r-xl:0;--_hfal-cs-p-r-md:0;--_hfal-cs-p-r-sm:0;\" class=\"wp-block-habefast-advanced-layout-cols\">\r\n                <div class=\"wp-block-habefast-advanced-layout-cols-flex\"> \n            <div style=\"--_hfal-c-d-lg:flex;--_hfal-c-w-lg:66.6666666666%;--_hfal-c-w-sm:100%;--_hfal-c-bc-lg:#f2f2f2;--_hfal-c-p-l-lg:var(--wp--preset--spacing--80);--_hfal-c-p-r-lg:0;--_hfal-c-p-t-md:var(--wp--preset--spacing--50);--_hfal-c-p-r-md:var(--wp--preset--spacing--50);--_hfal-c-p-b-md:var(--wp--preset--spacing--50);--_hfal-c-p-l-md:var(--wp--preset--spacing--50);--_hfal-c-d-xl:flex;--_hfal-c-d-md:flex;--_hfal-c-d-sm:flex;--_hfal-c-w-xl:66.6666666666%;--_hfal-c-w-md:66.6666666666%;--_hfal-c-bc-xl:#f2f2f2;--_hfal-c-bc-md:#f2f2f2;--_hfal-c-bc-sm:#f2f2f2;--_hfal-c-p-l-xl:var(--wp--preset--spacing--80);--_hfal-c-p-l-sm:var(--wp--preset--spacing--50);--_hfal-c-p-r-xl:0;--_hfal-c-p-r-sm:var(--wp--preset--spacing--50);--_hfal-c-p-t-sm:var(--wp--preset--spacing--50);--_hfal-c-p-b-sm:var(--wp--preset--spacing--50);\" class=\"wp-block-habefast-advanced-layout-col\">\r\n                <div class=\"wp-block-habefast-advanced-layout-col-container is-layout-flow\">\r\n                    \n\n<h2 class=\"wp-block-heading  \">Information about the exhibition<\/h2>\n\n\n            <div class=\"wp-block-habefast-advanced-layout\">\r\n                <div class=\"wp-block-habefast-advanced-layout-container is-layout-constrained\"  style='--_hfal-l-d-lg:block;--_hfal-l-p-b-lg:var(--wp--preset--spacing--30);--_hfal-l-p-t-lg:var(--wp--preset--spacing--30);--_hfal-l-d-xl:block;--_hfal-l-d-md:block;--_hfal-l-d-sm:block;--_hfal-l-p-b-xl:var(--wp--preset--spacing--30);--_hfal-l-p-b-md:var(--wp--preset--spacing--30);--_hfal-l-p-b-sm:var(--wp--preset--spacing--30);--_hfal-l-p-t-xl:var(--wp--preset--spacing--30);--_hfal-l-p-t-md:var(--wp--preset--spacing--30);--_hfal-l-p-t-sm:var(--wp--preset--spacing--30);'>\r\n                    \n            <div style=\"--_hfal-g-gtc-lg:4;--_hfal-g-gtr-lg:4;--_hfal-g-gtc-sm:1;--_hfal-g-gtr-sm:1;--_hfal-g-g-v-lg:var(--wp--preset--spacing--30);--_hfal-g-gtc-xl:4;--_hfal-g-gtc-md:4;--_hfal-g-gtr-xl:4;--_hfal-g-gtr-md:4;--_hfal-g-g-v-xl:var(--wp--preset--spacing--30);--_hfal-g-g-v-md:var(--wp--preset--spacing--30);--_hfal-g-g-v-sm:var(--wp--preset--spacing--30);\" class=\"wp-block-habefast-advanced-layout-grid\">\r\n                \n            <div style=\"--_hfal-ce-d-lg:block;--_hfal-ce-gy-lg:1 \/ span 1;--_hfal-ce-gx-lg:1 \/ span 1;--_hfal-ce-gy-sm:1 \/ span 1;--_hfal-ce-gx-sm:auto;--_hfal-ce-d-xl:block;--_hfal-ce-d-md:block;--_hfal-ce-d-sm:block;--_hfal-ce-gy-xl:1 \/ span 1;--_hfal-ce-gy-md:1 \/ span 1;--_hfal-ce-gx-xl:1 \/ span 1;--_hfal-ce-gx-md:1 \/ span 1;\" class=\"is-layout-flow wp-block-habefast-advanced-layout-cell\">\r\n                \n\n<p class=\"\"><strong>Location<\/strong><\/p>\n\n            <\/div>\r\n            \n\n            <div style=\"--_hfal-ce-d-lg:block;--_hfal-ce-gy-lg:2 \/ span 3;--_hfal-ce-gx-lg:1 \/ span 1;--_hfal-ce-gy-sm:1 \/ span 1;--_hfal-ce-gx-sm:auto;--_hfal-ce-d-xl:block;--_hfal-ce-d-md:block;--_hfal-ce-d-sm:block;--_hfal-ce-gy-xl:2 \/ span 3;--_hfal-ce-gy-md:2 \/ span 3;--_hfal-ce-gx-xl:1 \/ span 1;--_hfal-ce-gx-md:1 \/ span 1;\" class=\"is-layout-flow wp-block-habefast-advanced-layout-cell\">\r\n                \n\n<p class=\"\">Espace Gruy\u00e8re, Rue de Vevey 136, 1630 Bulle<\/p>\n\n            <\/div>\r\n            \n\n            <div style=\"--_hfal-ce-d-lg:block;--_hfal-ce-gy-lg:1 \/ span 1;--_hfal-ce-gx-lg:2 \/ span 1;--_hfal-ce-gy-sm:1 \/ span 1;--_hfal-ce-gx-sm:auto;--_hfal-ce-d-xl:block;--_hfal-ce-d-md:block;--_hfal-ce-d-sm:block;--_hfal-ce-gy-xl:1 \/ span 1;--_hfal-ce-gy-md:1 \/ span 1;--_hfal-ce-gx-xl:2 \/ span 1;--_hfal-ce-gx-md:2 \/ span 1;\" class=\"is-layout-flow wp-block-habefast-advanced-layout-cell\">\r\n                \n\n<p class=\"\"><strong>Dates<\/strong><\/p>\n\n            <\/div>\r\n            \n\n            <div style=\"--_hfal-ce-d-lg:block;--_hfal-ce-gy-lg:2 \/ span 3;--_hfal-ce-gx-lg:2 \/ span 1;--_hfal-ce-gy-sm:1 \/ span 1;--_hfal-ce-gx-sm:auto;--_hfal-ce-d-xl:block;--_hfal-ce-d-md:block;--_hfal-ce-d-sm:block;--_hfal-ce-gy-xl:2 \/ span 3;--_hfal-ce-gy-md:2 \/ span 3;--_hfal-ce-gx-xl:2 \/ span 1;--_hfal-ce-gx-md:2 \/ span 1;\" class=\"is-layout-flow wp-block-habefast-advanced-layout-cell\">\r\n                \n\n<p class=\"\">Thursday, February 6 to Saturday, February 8, 2025<\/p>\n\n            <\/div>\r\n            \n\n            <div style=\"--_hfal-ce-d-lg:block;--_hfal-ce-gy-lg:1 \/ span 1;--_hfal-ce-gx-lg:3 \/ span 1;--_hfal-ce-gy-sm:1 \/ span 1;--_hfal-ce-gx-sm:auto;--_hfal-ce-d-xl:block;--_hfal-ce-d-md:block;--_hfal-ce-d-sm:block;--_hfal-ce-gy-xl:1 \/ span 1;--_hfal-ce-gy-md:1 \/ span 1;--_hfal-ce-gx-xl:3 \/ span 1;--_hfal-ce-gx-md:3 \/ span 1;\" class=\"is-layout-flow wp-block-habefast-advanced-layout-cell\">\r\n                \n\n<p class=\"\"><strong>Opening hours<\/strong><\/p>\n\n            <\/div>\r\n            \n\n            <div style=\"--_hfal-ce-d-lg:block;--_hfal-ce-gy-lg:2 \/ span 3;--_hfal-ce-gx-lg:3 \/ span 1;--_hfal-ce-gy-sm:1 \/ span 1;--_hfal-ce-gx-sm:auto;--_hfal-ce-d-xl:block;--_hfal-ce-d-md:block;--_hfal-ce-d-sm:block;--_hfal-ce-gy-xl:2 \/ span 3;--_hfal-ce-gy-md:2 \/ span 3;--_hfal-ce-gx-xl:3 \/ span 1;--_hfal-ce-gx-md:3 \/ span 1;\" class=\"is-layout-flow wp-block-habefast-advanced-layout-cell\">\r\n                \n\n<p class=\"\">Thursday 10am-6pm | Friday 10am-9pm (Friday night) | Saturday 10am-5pm<\/p>\n\n            <\/div>\r\n            \n\n            <div style=\"--_hfal-ce-d-lg:block;--_hfal-ce-gy-lg:1 \/ span 1;--_hfal-ce-gx-lg:4 \/ span 1;--_hfal-ce-gy-sm:1 \/ span 1;--_hfal-ce-gx-sm:auto;--_hfal-ce-d-xl:block;--_hfal-ce-d-md:block;--_hfal-ce-d-sm:block;--_hfal-ce-gy-xl:1 \/ span 1;--_hfal-ce-gy-md:1 \/ span 1;--_hfal-ce-gx-xl:4 \/ span 1;--_hfal-ce-gx-md:4 \/ span 1;\" class=\"is-layout-flow wp-block-habefast-advanced-layout-cell\">\r\n                \n\n<p class=\"\"><strong>Prices<\/strong><\/p>\n\n            <\/div>\r\n            \n\n            <div style=\"--_hfal-ce-d-lg:block;--_hfal-ce-gy-lg:2 \/ span 3;--_hfal-ce-gx-lg:4 \/ span 1;--_hfal-ce-gy-sm:1 \/ span 1;--_hfal-ce-gx-sm:auto;--_hfal-ce-d-xl:block;--_hfal-ce-d-md:block;--_hfal-ce-d-sm:block;--_hfal-ce-gy-xl:2 \/ span 3;--_hfal-ce-gy-md:2 \/ span 3;--_hfal-ce-gx-xl:4 \/ span 1;--_hfal-ce-gx-md:4 \/ span 1;\" class=\"is-layout-flow wp-block-habefast-advanced-layout-cell\">\r\n                \n\n<p class=\"\">Adults : CHF 11.- | OASI\/DI\/Students aged 18 and over: CHF 9.- | Under 18s: free of charge<\/p>\n\n            <\/div>\r\n            \n            <\/div>\r\n            \n                <\/div>\r\n            <\/div>\r\n            \n\n\n<div class=\"wp-block-buttons is-layout-flex wp-block-buttons-is-layout-flex\" style=\"margin-top:var(--wp--preset--spacing--10)\">\n<div class=\"wp-block-button  \"><a class=\"wp-block-button__link wp-element-button\" href=\"https:\/\/www.salonbois.ch\/visiteurs\/infos-pratiques\">Find out more about the show<\/a><\/div>\n<\/div>\n\n                <\/div>\r\n            <\/div>\r\n            \n\n            <div style=\"--_hfal-c-d-lg:flex;--_hfal-c-w-lg:33.3333333333%;--_hfal-c-w-sm:100%;--_hfal-c-p-r-lg:0;--_hfal-c-d-xl:flex;--_hfal-c-d-md:flex;--_hfal-c-d-sm:flex;--_hfal-c-w-xl:33.3333333333%;--_hfal-c-w-md:33.3333333333%;--_hfal-c-p-r-xl:0;--_hfal-c-p-r-md:0;--_hfal-c-p-r-sm:0;\" class=\"hide_on_mobile wp-block-habefast-advanced-layout-col\">\r\n                <div class=\"wp-block-habefast-advanced-layout-col-container is-layout-flow\">\r\n                    \n\n<figure class=\"wp-block-image alignright size-large is-resized  \"><img loading=\"lazy\" decoding=\"async\" width=\"356\" height=\"1024\" src=\"https:\/\/proprietairesmag.ch\/wp-content\/uploads\/2024\/12\/proprietaires-mag-article-salon-bois-image-05@3x-356x1024.jpg\" alt=\"Proprietaires Mag Article Salon Bois Image 05\" class=\"wp-image-5085\" style=\"width:auto;height:500px\" srcset=\"https:\/\/proprietairesmag.ch\/wp-content\/uploads\/2024\/12\/proprietaires-mag-article-salon-bois-image-05@3x-356x1024.jpg 356w, https:\/\/proprietairesmag.ch\/wp-content\/uploads\/2024\/12\/proprietaires-mag-article-salon-bois-image-05@3x-104x300.jpg 104w, https:\/\/proprietairesmag.ch\/wp-content\/uploads\/2024\/12\/proprietaires-mag-article-salon-bois-image-05@3x.jpg 522w\" sizes=\"(max-width: 356px) 100vw, 356px\" \/><\/figure>\n\n                <\/div>\r\n            <\/div>\r\n            \n                <\/div>\r\n            <\/div>\r\n            \n                <\/div>\r\n            <\/div>\r\n            \n\n\n<style>\n .wp-block-habefast-advanced-layout-cols,.wp-block-habefast-advanced-layout-grid  {\n    padding-right:0 !important;\n\n    padding-left:0 !important;\n}\n\n@media(max-width:767px){\n.hide_on_mobile{\n   display:none !important;\n}\n\n}\n\n<\/style>\n","protected":false},"excerpt":{"rendered":"<p>The 17th edition of SALONBOIS opens its doors at Espace Gruy\u00e8re in Bulle from February 6 to 8, 2025. With nearly 90 exhibitors, the event serves as a true showcase for the wood industry, highlighting major trends in the sector.&hellip;<\/p>\n","protected":false},"author":1,"featured_media":5098,"comment_status":"closed","ping_status":"closed","sticky":true,"template":"","format":"standard","meta":{"_acf_changed":false,"_habefastfse_class":"","footnotes":""},"categories":[86],"tags":[],"class_list":["post-5175","post","type-post","status-publish","format-standard","has-post-thumbnail","hentry","category-trends-design"],"acf":[],"yoast_head":"<!-- This site is optimized with the Yoast SEO plugin v27.3 - https:\/\/yoast.com\/product\/yoast-seo-wordpress\/ -->\n<title>Salon Bois: February 6 to 8, 2025 - Propri\u00e9taires Mag<\/title>\n<meta name=\"robots\" content=\"index, follow, max-snippet:-1, max-image-preview:large, max-video-preview:-1\" \/>\n<link rel=\"canonical\" href=\"https:\/\/proprietairesmag.ch\/en\/salon-bois-6-au-8-fevrier-2025\/\" \/>\n<meta property=\"og:locale\" content=\"en_US\" \/>\n<meta property=\"og:type\" content=\"article\" \/>\n<meta property=\"og:title\" content=\"Salon Bois: February 6 to 8, 2025 - Propri\u00e9taires Mag\" \/>\n<meta property=\"og:description\" content=\"The 17th edition of SALONBOIS opens its doors at Espace Gruy\u00e8re in Bulle from February 6 to 8, 2025. With nearly 90 exhibitors, the event serves as a true showcase for the wood industry, highlighting major trends in the sector.&hellip;\" \/>\n<meta property=\"og:url\" content=\"https:\/\/proprietairesmag.ch\/en\/salon-bois-6-au-8-fevrier-2025\/\" \/>\n<meta property=\"og:site_name\" content=\"Propri\u00e9taires Mag\" \/>\n<meta property=\"article:published_time\" content=\"2024-12-18T13:30:21+00:00\" \/>\n<meta property=\"article:modified_time\" content=\"2024-12-19T07:04:50+00:00\" \/>\n<meta property=\"og:image\" content=\"https:\/\/proprietairesmag.ch\/wp-content\/uploads\/2024\/12\/proprietaires-mag-article-salon-bois-header@3x.jpg\" \/>\n\t<meta property=\"og:image:width\" content=\"1824\" \/>\n\t<meta property=\"og:image:height\" content=\"1863\" \/>\n\t<meta property=\"og:image:type\" content=\"image\/jpeg\" \/>\n<meta name=\"author\" content=\"Thomas\" \/>\n<meta name=\"twitter:card\" content=\"summary_large_image\" \/>\n<meta name=\"twitter:label1\" content=\"Written by\" \/>\n\t<meta name=\"twitter:data1\" content=\"Thomas\" \/>\n\t<meta name=\"twitter:label2\" content=\"Est. reading time\" \/>\n\t<meta name=\"twitter:data2\" content=\"7 minutes\" \/>\n<script type=\"application\/ld+json\" class=\"yoast-schema-graph\">{\"@context\":\"https:\\\/\\\/schema.org\",\"@graph\":[{\"@type\":\"Article\",\"@id\":\"https:\\\/\\\/proprietairesmag.ch\\\/en\\\/salon-bois-6-au-8-fevrier-2025\\\/#article\",\"isPartOf\":{\"@id\":\"https:\\\/\\\/proprietairesmag.ch\\\/en\\\/salon-bois-6-au-8-fevrier-2025\\\/\"},\"author\":{\"name\":\"Thomas\",\"@id\":\"https:\\\/\\\/proprietairesmag.ch\\\/en\\\/#\\\/schema\\\/person\\\/89367ff32d9b0a6da660911d9c981c11\"},\"headline\":\"Salon Bois: February 6 to 8, 2025\",\"datePublished\":\"2024-12-18T13:30:21+00:00\",\"dateModified\":\"2024-12-19T07:04:50+00:00\",\"mainEntityOfPage\":{\"@id\":\"https:\\\/\\\/proprietairesmag.ch\\\/en\\\/salon-bois-6-au-8-fevrier-2025\\\/\"},\"wordCount\":949,\"image\":{\"@id\":\"https:\\\/\\\/proprietairesmag.ch\\\/en\\\/salon-bois-6-au-8-fevrier-2025\\\/#primaryimage\"},\"thumbnailUrl\":\"https:\\\/\\\/proprietairesmag.ch\\\/wp-content\\\/uploads\\\/2024\\\/12\\\/proprietaires-mag-article-salon-bois-header@3x.jpg\",\"articleSection\":[\"Trends &amp; Design\"],\"inLanguage\":\"en-US\"},{\"@type\":\"WebPage\",\"@id\":\"https:\\\/\\\/proprietairesmag.ch\\\/en\\\/salon-bois-6-au-8-fevrier-2025\\\/\",\"url\":\"https:\\\/\\\/proprietairesmag.ch\\\/en\\\/salon-bois-6-au-8-fevrier-2025\\\/\",\"name\":\"Salon Bois: February 6 to 8, 2025 - Propri\u00e9taires Mag\",\"isPartOf\":{\"@id\":\"https:\\\/\\\/proprietairesmag.ch\\\/en\\\/#website\"},\"primaryImageOfPage\":{\"@id\":\"https:\\\/\\\/proprietairesmag.ch\\\/en\\\/salon-bois-6-au-8-fevrier-2025\\\/#primaryimage\"},\"image\":{\"@id\":\"https:\\\/\\\/proprietairesmag.ch\\\/en\\\/salon-bois-6-au-8-fevrier-2025\\\/#primaryimage\"},\"thumbnailUrl\":\"https:\\\/\\\/proprietairesmag.ch\\\/wp-content\\\/uploads\\\/2024\\\/12\\\/proprietaires-mag-article-salon-bois-header@3x.jpg\",\"datePublished\":\"2024-12-18T13:30:21+00:00\",\"dateModified\":\"2024-12-19T07:04:50+00:00\",\"author\":{\"@id\":\"https:\\\/\\\/proprietairesmag.ch\\\/en\\\/#\\\/schema\\\/person\\\/89367ff32d9b0a6da660911d9c981c11\"},\"breadcrumb\":{\"@id\":\"https:\\\/\\\/proprietairesmag.ch\\\/en\\\/salon-bois-6-au-8-fevrier-2025\\\/#breadcrumb\"},\"inLanguage\":\"en-US\",\"potentialAction\":[{\"@type\":\"ReadAction\",\"target\":[\"https:\\\/\\\/proprietairesmag.ch\\\/en\\\/salon-bois-6-au-8-fevrier-2025\\\/\"]}]},{\"@type\":\"ImageObject\",\"inLanguage\":\"en-US\",\"@id\":\"https:\\\/\\\/proprietairesmag.ch\\\/en\\\/salon-bois-6-au-8-fevrier-2025\\\/#primaryimage\",\"url\":\"https:\\\/\\\/proprietairesmag.ch\\\/wp-content\\\/uploads\\\/2024\\\/12\\\/proprietaires-mag-article-salon-bois-header@3x.jpg\",\"contentUrl\":\"https:\\\/\\\/proprietairesmag.ch\\\/wp-content\\\/uploads\\\/2024\\\/12\\\/proprietaires-mag-article-salon-bois-header@3x.jpg\",\"width\":1824,\"height\":1863,\"caption\":\"Proprietaires Mag Article Salon Bois Header\"},{\"@type\":\"BreadcrumbList\",\"@id\":\"https:\\\/\\\/proprietairesmag.ch\\\/en\\\/salon-bois-6-au-8-fevrier-2025\\\/#breadcrumb\",\"itemListElement\":[{\"@type\":\"ListItem\",\"position\":1,\"name\":\"Accueil\",\"item\":\"https:\\\/\\\/proprietairesmag.ch\\\/en\\\/\"},{\"@type\":\"ListItem\",\"position\":2,\"name\":\"Salon Bois: February 6 to 8, 2025\"}]},{\"@type\":\"WebSite\",\"@id\":\"https:\\\/\\\/proprietairesmag.ch\\\/en\\\/#website\",\"url\":\"https:\\\/\\\/proprietairesmag.ch\\\/en\\\/\",\"name\":\"Propri\u00e9taires Mag\",\"description\":\"\",\"potentialAction\":[{\"@type\":\"SearchAction\",\"target\":{\"@type\":\"EntryPoint\",\"urlTemplate\":\"https:\\\/\\\/proprietairesmag.ch\\\/en\\\/?s={search_term_string}\"},\"query-input\":{\"@type\":\"PropertyValueSpecification\",\"valueRequired\":true,\"valueName\":\"search_term_string\"}}],\"inLanguage\":\"en-US\"},{\"@type\":\"Person\",\"@id\":\"https:\\\/\\\/proprietairesmag.ch\\\/en\\\/#\\\/schema\\\/person\\\/89367ff32d9b0a6da660911d9c981c11\",\"name\":\"Thomas\",\"image\":{\"@type\":\"ImageObject\",\"inLanguage\":\"en-US\",\"@id\":\"https:\\\/\\\/secure.gravatar.com\\\/avatar\\\/c25c64dba12d0ee1fea0f51bf0ac6a87070e029b8663b9125072d064c6414f92?s=96&d=mm&r=g\",\"url\":\"https:\\\/\\\/secure.gravatar.com\\\/avatar\\\/c25c64dba12d0ee1fea0f51bf0ac6a87070e029b8663b9125072d064c6414f92?s=96&d=mm&r=g\",\"contentUrl\":\"https:\\\/\\\/secure.gravatar.com\\\/avatar\\\/c25c64dba12d0ee1fea0f51bf0ac6a87070e029b8663b9125072d064c6414f92?s=96&d=mm&r=g\",\"caption\":\"Thomas\"},\"sameAs\":[\"https:\\\/\\\/proprietairesmag.ch\"]}]}<\/script>\n<!-- \/ Yoast SEO plugin. -->","yoast_head_json":{"title":"Salon Bois: February 6 to 8, 2025 - Propri\u00e9taires Mag","robots":{"index":"index","follow":"follow","max-snippet":"max-snippet:-1","max-image-preview":"max-image-preview:large","max-video-preview":"max-video-preview:-1"},"canonical":"https:\/\/proprietairesmag.ch\/en\/salon-bois-6-au-8-fevrier-2025\/","og_locale":"en_US","og_type":"article","og_title":"Salon Bois: February 6 to 8, 2025 - Propri\u00e9taires Mag","og_description":"The 17th edition of SALONBOIS opens its doors at Espace Gruy\u00e8re in Bulle from February 6 to 8, 2025. With nearly 90 exhibitors, the event serves as a true showcase for the wood industry, highlighting major trends in the sector.&hellip;","og_url":"https:\/\/proprietairesmag.ch\/en\/salon-bois-6-au-8-fevrier-2025\/","og_site_name":"Propri\u00e9taires Mag","article_published_time":"2024-12-18T13:30:21+00:00","article_modified_time":"2024-12-19T07:04:50+00:00","og_image":[{"width":1824,"height":1863,"url":"https:\/\/proprietairesmag.ch\/wp-content\/uploads\/2024\/12\/proprietaires-mag-article-salon-bois-header@3x.jpg","type":"image\/jpeg"}],"author":"Thomas","twitter_card":"summary_large_image","twitter_misc":{"Written by":"Thomas","Est. reading time":"7 minutes"},"schema":{"@context":"https:\/\/schema.org","@graph":[{"@type":"Article","@id":"https:\/\/proprietairesmag.ch\/en\/salon-bois-6-au-8-fevrier-2025\/#article","isPartOf":{"@id":"https:\/\/proprietairesmag.ch\/en\/salon-bois-6-au-8-fevrier-2025\/"},"author":{"name":"Thomas","@id":"https:\/\/proprietairesmag.ch\/en\/#\/schema\/person\/89367ff32d9b0a6da660911d9c981c11"},"headline":"Salon Bois: February 6 to 8, 2025","datePublished":"2024-12-18T13:30:21+00:00","dateModified":"2024-12-19T07:04:50+00:00","mainEntityOfPage":{"@id":"https:\/\/proprietairesmag.ch\/en\/salon-bois-6-au-8-fevrier-2025\/"},"wordCount":949,"image":{"@id":"https:\/\/proprietairesmag.ch\/en\/salon-bois-6-au-8-fevrier-2025\/#primaryimage"},"thumbnailUrl":"https:\/\/proprietairesmag.ch\/wp-content\/uploads\/2024\/12\/proprietaires-mag-article-salon-bois-header@3x.jpg","articleSection":["Trends &amp; Design"],"inLanguage":"en-US"},{"@type":"WebPage","@id":"https:\/\/proprietairesmag.ch\/en\/salon-bois-6-au-8-fevrier-2025\/","url":"https:\/\/proprietairesmag.ch\/en\/salon-bois-6-au-8-fevrier-2025\/","name":"Salon Bois: February 6 to 8, 2025 - Propri\u00e9taires Mag","isPartOf":{"@id":"https:\/\/proprietairesmag.ch\/en\/#website"},"primaryImageOfPage":{"@id":"https:\/\/proprietairesmag.ch\/en\/salon-bois-6-au-8-fevrier-2025\/#primaryimage"},"image":{"@id":"https:\/\/proprietairesmag.ch\/en\/salon-bois-6-au-8-fevrier-2025\/#primaryimage"},"thumbnailUrl":"https:\/\/proprietairesmag.ch\/wp-content\/uploads\/2024\/12\/proprietaires-mag-article-salon-bois-header@3x.jpg","datePublished":"2024-12-18T13:30:21+00:00","dateModified":"2024-12-19T07:04:50+00:00","author":{"@id":"https:\/\/proprietairesmag.ch\/en\/#\/schema\/person\/89367ff32d9b0a6da660911d9c981c11"},"breadcrumb":{"@id":"https:\/\/proprietairesmag.ch\/en\/salon-bois-6-au-8-fevrier-2025\/#breadcrumb"},"inLanguage":"en-US","potentialAction":[{"@type":"ReadAction","target":["https:\/\/proprietairesmag.ch\/en\/salon-bois-6-au-8-fevrier-2025\/"]}]},{"@type":"ImageObject","inLanguage":"en-US","@id":"https:\/\/proprietairesmag.ch\/en\/salon-bois-6-au-8-fevrier-2025\/#primaryimage","url":"https:\/\/proprietairesmag.ch\/wp-content\/uploads\/2024\/12\/proprietaires-mag-article-salon-bois-header@3x.jpg","contentUrl":"https:\/\/proprietairesmag.ch\/wp-content\/uploads\/2024\/12\/proprietaires-mag-article-salon-bois-header@3x.jpg","width":1824,"height":1863,"caption":"Proprietaires Mag Article Salon Bois Header"},{"@type":"BreadcrumbList","@id":"https:\/\/proprietairesmag.ch\/en\/salon-bois-6-au-8-fevrier-2025\/#breadcrumb","itemListElement":[{"@type":"ListItem","position":1,"name":"Accueil","item":"https:\/\/proprietairesmag.ch\/en\/"},{"@type":"ListItem","position":2,"name":"Salon Bois: February 6 to 8, 2025"}]},{"@type":"WebSite","@id":"https:\/\/proprietairesmag.ch\/en\/#website","url":"https:\/\/proprietairesmag.ch\/en\/","name":"Propri\u00e9taires Mag","description":"","potentialAction":[{"@type":"SearchAction","target":{"@type":"EntryPoint","urlTemplate":"https:\/\/proprietairesmag.ch\/en\/?s={search_term_string}"},"query-input":{"@type":"PropertyValueSpecification","valueRequired":true,"valueName":"search_term_string"}}],"inLanguage":"en-US"},{"@type":"Person","@id":"https:\/\/proprietairesmag.ch\/en\/#\/schema\/person\/89367ff32d9b0a6da660911d9c981c11","name":"Thomas","image":{"@type":"ImageObject","inLanguage":"en-US","@id":"https:\/\/secure.gravatar.com\/avatar\/c25c64dba12d0ee1fea0f51bf0ac6a87070e029b8663b9125072d064c6414f92?s=96&d=mm&r=g","url":"https:\/\/secure.gravatar.com\/avatar\/c25c64dba12d0ee1fea0f51bf0ac6a87070e029b8663b9125072d064c6414f92?s=96&d=mm&r=g","contentUrl":"https:\/\/secure.gravatar.com\/avatar\/c25c64dba12d0ee1fea0f51bf0ac6a87070e029b8663b9125072d064c6414f92?s=96&d=mm&r=g","caption":"Thomas"},"sameAs":["https:\/\/proprietairesmag.ch"]}]}},"_links":{"self":[{"href":"https:\/\/proprietairesmag.ch\/en\/wp-json\/wp\/v2\/posts\/5175","targetHints":{"allow":["GET"]}}],"collection":[{"href":"https:\/\/proprietairesmag.ch\/en\/wp-json\/wp\/v2\/posts"}],"about":[{"href":"https:\/\/proprietairesmag.ch\/en\/wp-json\/wp\/v2\/types\/post"}],"author":[{"embeddable":true,"href":"https:\/\/proprietairesmag.ch\/en\/wp-json\/wp\/v2\/users\/1"}],"replies":[{"embeddable":true,"href":"https:\/\/proprietairesmag.ch\/en\/wp-json\/wp\/v2\/comments?post=5175"}],"version-history":[{"count":6,"href":"https:\/\/proprietairesmag.ch\/en\/wp-json\/wp\/v2\/posts\/5175\/revisions"}],"predecessor-version":[{"id":5230,"href":"https:\/\/proprietairesmag.ch\/en\/wp-json\/wp\/v2\/posts\/5175\/revisions\/5230"}],"wp:featuredmedia":[{"embeddable":true,"href":"https:\/\/proprietairesmag.ch\/en\/wp-json\/wp\/v2\/media\/5098"}],"wp:attachment":[{"href":"https:\/\/proprietairesmag.ch\/en\/wp-json\/wp\/v2\/media?parent=5175"}],"wp:term":[{"taxonomy":"category","embeddable":true,"href":"https:\/\/proprietairesmag.ch\/en\/wp-json\/wp\/v2\/categories?post=5175"},{"taxonomy":"post_tag","embeddable":true,"href":"https:\/\/proprietairesmag.ch\/en\/wp-json\/wp\/v2\/tags?post=5175"}],"curies":[{"name":"wp","href":"https:\/\/api.w.org\/{rel}","templated":true}]}}